{"id":601,"date":"2018-11-08T09:00:10","date_gmt":"2018-11-08T11:00:10","guid":{"rendered":"http:\/\/farmaciabiguacu.com.br\/blog\/?p=601"},"modified":"2025-12-17T15:21:22","modified_gmt":"2025-12-17T18:21:22","slug":"sinais-de-envelhecimento","status":"publish","type":"post","link":"https:\/\/farmaciabiguacu.com.br\/blog\/sinais-de-envelhecimento\/","title":{"rendered":"SINAIS DE ENVELHECIMENTO"},"content":{"rendered":"<p><strong> &nbsp;&nbsp;&nbsp;&nbsp;&nbsp;Quem n\u00e3o lembra do dia em que notou os primeiros sinais de envelhecimento?? Pode ser um fio de cabelo branco que apareceu, uma leve ruguinha ao lado dos olhos, ou at\u00e9 mesmo o cansa\u00e7o f\u00edsico que n\u00e3o sent\u00edamos normalmente, n\u00e3o \u00e9 mesmo?<\/strong><\/p>\n<p>&nbsp;<\/p>\n<p><span style=\"font-weight: 400;\"> &nbsp;&nbsp;&nbsp;&nbsp;H\u00e1 algumas teorias que explicam o por que os cabelos ficam grisalhos com o tempo, mas a mais aceita \u00e9 que h\u00e1 uma morte programada para as c\u00e9lulas que d\u00e3o pigmento ao cabelo, os melan\u00f3citos. Apesar dos cabelos grisalhos serem considerados muito charmosos para alguns, h\u00e1 quem n\u00e3o goste nem de pensar neles\u2026 E se voc\u00ea \u00e9 um desses que deseja protelar o quanto poss\u00edvel o aparecimento de fios brancos, j\u00e1 existem estudos que comprovam a efic\u00e1cia produtos antioxidantes para voc\u00ea passar longe dos fios brancos, sabia?<\/span><\/p>\n<p>&nbsp;<\/p>\n<p><img loading=\"lazy\" decoding=\"async\" class=\"aligncenter size-large wp-image-602\" src=\"http:\/\/farmaciabiguacu.com.br\/blog\/wp-content\/uploads\/2018\/11\/2018.11.08-Blog-Op\u00e7\u00e3o-1024x683.jpg\" alt=\"\" width=\"1024\" height=\"683\" srcset=\"https:\/\/farmaciabiguacu.com.br\/blog\/wp-content\/uploads\/2018\/11\/2018.11.08-Blog-Op\u00e7\u00e3o-1024x683.jpg 1024w, https:\/\/farmaciabiguacu.com.br\/blog\/wp-content\/uploads\/2018\/11\/2018.11.08-Blog-Op\u00e7\u00e3o-300x200.jpg 300w, https:\/\/farmaciabiguacu.com.br\/blog\/wp-content\/uploads\/2018\/11\/2018.11.08-Blog-Op\u00e7\u00e3o-768x512.jpg 768w, https:\/\/farmaciabiguacu.com.br\/blog\/wp-content\/uploads\/2018\/11\/2018.11.08-Blog-Op\u00e7\u00e3o.jpg 1920w\" sizes=\"auto, (max-width: 1024px) 100vw, 1024px\" \/><\/p>\n<p>&nbsp;<\/p>\n<p><span style=\"font-weight: 400;\"> &nbsp;&nbsp;&nbsp;&nbsp;&nbsp;A pele, principalmente do rosto, \u00e9 um dos primeiros pontos em que notamos a idade batendo na porta, n\u00e3o \u00e9 mesmo? Isso ocorre pois o col\u00e1geno, que \u00e9 a prote\u00edna que promove sustenta\u00e7\u00e3o \u00e0 pele, come\u00e7a a baixar seu n\u00edvel de produ\u00e7\u00e3o. A primeira coisa que podemos notar ao olhar no espelho s\u00e3o aquelas rugas finas bem perto dos olhos, mais popularmente conhecidos como \u2018p\u00e9s de galinhas\u2019, o \u2018bigode chin\u00eas\u2019 que \u00e9 aquela marca que temos de pele ca\u00edda em volta dos l\u00e1bios ou at\u00e9 mesmo as manchas que come\u00e7am a aparecer.<\/span><\/p>\n<p>&nbsp;<\/p>\n<p><span style=\"font-weight: 400;\"> &nbsp;&nbsp;&nbsp;&nbsp;&nbsp;Para evitar que as rugas, flacidez e manchas apare\u00e7am cedo em seu rosto, \u00e9 importante saber que <strong>os cuidados devem iniciar desde os primeiros sinais<\/strong>. O rosto possui um pH diferente do corpo, por isso \u00e9 necess\u00e1rio que seja utilizado um sabonete pr\u00f3prio para essa regi\u00e3o, para a pele da face n\u00e3o ficar danificada. A falta de protetor solar, potencializa o envelhecimento das c\u00e9lulas e tamb\u00e9m o aparecimento do melasma. Por isso, al\u00e9m do sabonete, \u00e9 necess\u00e1rio usar protetor solar todos os dias! Voc\u00ea ainda pode fazer uso de cosm\u00e9ticos antioxidantes, clareadores, que promovam firmeza ou que diminuem as linhas de express\u00e3o desde cedo. Lembrando que para cada idade h\u00e1 um cosm\u00e9tico mais indicado, <a href=\"http:\/\/farmaciabiguacu.com.br\/blog\/vamos-falar-de-cuidados-faciais\/\"><em><strong>como voc\u00ea pode conferir aqui<\/strong><\/em><\/a>. Converse com um profissional da sa\u00fade de sua confian\u00e7a e comece ainda hoje o tratamento de preven\u00e7\u00e3o contra o envelhecimento!!<\/span><\/p>\n","protected":false},"excerpt":{"rendered":"<p>&nbsp;&nbsp;&nbsp;&nbsp;&nbsp;Quem n\u00e3o lembra do dia em que notou os primeiros sinais de envelhecimento?? Pode ser um fio de cabelo branco que apareceu, uma leve ruguinha ao lado dos olhos, ou &hellip; <\/p>\n","protected":false},"author":1,"featured_media":0,"comment_status":"open","ping_status":"open","sticky":false,"template":"","format":"standard","meta":{"footnotes":""},"categories":[226,227,222,6,33],"tags":[200,197,199,12,198,201],"class_list":["post-601","post","type-post","status-publish","format-standard","hentry","category-beleza","category-bem-estar","category-cabelos-e-unhas","category-cuidados-com-a-pele","category-cuidados-pessoais","tag-cabelo-branco","tag-envelhecimento","tag-idade","tag-pele","tag-pequenos-sinais","tag-rugas"],"_links":{"self":[{"href":"https:\/\/farmaciabiguacu.com.br\/blog\/wp-json\/wp\/v2\/posts\/601","targetHints":{"allow":["GET"]}}],"collection":[{"href":"https:\/\/farmaciabiguacu.com.br\/blog\/wp-json\/wp\/v2\/posts"}],"about":[{"href":"https:\/\/farmaciabiguacu.com.br\/blog\/wp-json\/wp\/v2\/types\/post"}],"author":[{"embeddable":true,"href":"https:\/\/farmaciabiguacu.com.br\/blog\/wp-json\/wp\/v2\/users\/1"}],"replies":[{"embeddable":true,"href":"https:\/\/farmaciabiguacu.com.br\/blog\/wp-json\/wp\/v2\/comments?post=601"}],"version-history":[{"count":3,"href":"https:\/\/farmaciabiguacu.com.br\/blog\/wp-json\/wp\/v2\/posts\/601\/revisions"}],"predecessor-version":[{"id":778,"href":"https:\/\/farmaciabiguacu.com.br\/blog\/wp-json\/wp\/v2\/posts\/601\/revisions\/778"}],"wp:attachment":[{"href":"https:\/\/farmaciabiguacu.com.br\/blog\/wp-json\/wp\/v2\/media?parent=601"}],"wp:term":[{"taxonomy":"category","embeddable":true,"href":"https:\/\/farmaciabiguacu.com.br\/blog\/wp-json\/wp\/v2\/categories?post=601"},{"taxonomy":"post_tag","embeddable":true,"href":"https:\/\/farmaciabiguacu.com.br\/blog\/wp-json\/wp\/v2\/tags?post=601"}],"curies":[{"name":"wp","href":"https:\/\/api.w.org\/{rel}","templated":true}]}}