{"id":519,"date":"2018-10-02T09:00:24","date_gmt":"2018-10-02T12:00:24","guid":{"rendered":"http:\/\/farmaciabiguacu.com.br\/blog\/?p=519"},"modified":"2025-12-17T15:47:11","modified_gmt":"2025-12-17T18:47:11","slug":"outubro-rosa-cancer-de-mama","status":"publish","type":"post","link":"http:\/\/farmaciabiguacu.com.br\/blog\/outubro-rosa-cancer-de-mama\/","title":{"rendered":"OUTUBRO ROSA &#8211; C\u00c2NCER DE MAMA"},"content":{"rendered":"<p><span style=\"font-weight: 400;\"> &nbsp;&nbsp;&nbsp;&nbsp;O C\u00e2ncer de mama \u00e9 <\/span><span style=\"font-weight: 400;\">uma doen\u00e7a causada pela multiplica\u00e7\u00e3o de c\u00e9lulas anormais da mama, que formam um tumor. De acordo com dados do INCA (Instituto Nacional de C\u00e2ncer) este \u00e9 o tipo mais comum entre as mulheres no Brasil e tamb\u00e9m no mundo. O c\u00e2ncer de mama responde mundialmente por cerca de 25% dos casos novos a cada ano e, no Brasil, esse percentual chega a 28,1%. Esse tipo de c\u00e2ncer \u00e9 o mais frequente nas mulheres das Regi\u00f5es Sul, Sudeste, Centro-Oeste e Nordeste.<\/span><\/p>\n<p>&nbsp;<\/p>\n<p><span style=\"font-weight: 400;\"> &nbsp;&nbsp;&nbsp;&nbsp;Nossa convidada de hoje, a Regiane Garcia Klaumann, \u00e9 uma mulher que passou e venceu esta experi\u00eancia t\u00e3o dif\u00edcil. Hoje ela conta para n\u00f3s como foi sua trajet\u00f3ria:<\/span><\/p>\n<p>&nbsp;<\/p>\n<p style=\"text-align: center;\"><strong>Regiane Garcia Klaumann, 42 anos <\/strong><\/p>\n<p style=\"text-align: center;\"><strong>Auxiliar administrativa<\/strong><\/p>\n<p>&nbsp;<\/p>\n<p style=\"text-align: center;\"><span style=\"font-weight: 400;\"><img loading=\"lazy\" decoding=\"async\" class=\" wp-image-522 alignleft\" src=\"http:\/\/farmaciabiguacu.com.br\/blog\/wp-content\/uploads\/2018\/08\/Outubro-Rosa-na-FARM\u00c1CIA-BIGUA\u00c7U-300x300.jpg\" alt=\"\" width=\"179\" height=\"179\" srcset=\"http:\/\/farmaciabiguacu.com.br\/blog\/wp-content\/uploads\/2018\/08\/Outubro-Rosa-na-FARM\u00c1CIA-BIGUA\u00c7U-300x300.jpg 300w, http:\/\/farmaciabiguacu.com.br\/blog\/wp-content\/uploads\/2018\/08\/Outubro-Rosa-na-FARM\u00c1CIA-BIGUA\u00c7U-150x150.jpg 150w, http:\/\/farmaciabiguacu.com.br\/blog\/wp-content\/uploads\/2018\/08\/Outubro-Rosa-na-FARM\u00c1CIA-BIGUA\u00c7U-768x768.jpg 768w, http:\/\/farmaciabiguacu.com.br\/blog\/wp-content\/uploads\/2018\/08\/Outubro-Rosa-na-FARM\u00c1CIA-BIGUA\u00c7U.jpg 960w\" sizes=\"auto, (max-width: 179px) 100vw, 179px\" \/>\u201c<\/span><b>Descobri (c\u00e2ncer de mama) fazendo o auto exame e exames de rotina. <\/b><span style=\"font-weight: 400;\">No in\u00edcio era bem pequeno (n\u00f3dulo) e foi rapidamente aumentando ap\u00f3s os exames. Foi uma fase muito dif\u00edcil, al\u00e9m de todo o tratamento invasivo, vieram com ele as consequ\u00eancias: perda dos cabelos, v\u00f4mitos, mal-estar, aumento de peso e o mais doloroso deles: a perda total do seio. Por ser mulher, o tratamento se tornou ainda mais doloroso por toda a vaidade que temos. Encarar o espelho ficou cada vez mais dif\u00edcil. <\/span><\/p>\n<p>&nbsp;<\/p>\n<p style=\"text-align: center;\"><span style=\"font-weight: 400;\"><img loading=\"lazy\" decoding=\"async\" class=\" wp-image-521 alignright\" src=\"http:\/\/farmaciabiguacu.com.br\/blog\/wp-content\/uploads\/2018\/08\/Outubro-Rosa-na-FARM\u00c1CIA-BIGUA\u00c7U-3-214x300.jpg\" alt=\"\" width=\"123\" height=\"172\" srcset=\"http:\/\/farmaciabiguacu.com.br\/blog\/wp-content\/uploads\/2018\/08\/Outubro-Rosa-na-FARM\u00c1CIA-BIGUA\u00c7U-3-214x300.jpg 214w, http:\/\/farmaciabiguacu.com.br\/blog\/wp-content\/uploads\/2018\/08\/Outubro-Rosa-na-FARM\u00c1CIA-BIGUA\u00c7U-3.jpg 686w\" sizes=\"auto, (max-width: 123px) 100vw, 123px\" \/><img loading=\"lazy\" decoding=\"async\" class=\" wp-image-520 alignright\" src=\"http:\/\/farmaciabiguacu.com.br\/blog\/wp-content\/uploads\/2018\/08\/Outubro-Rosa-na-FARM\u00c1CIA-BIGUA\u00c7U-4-204x300.jpg\" alt=\"\" width=\"117\" height=\"172\" srcset=\"http:\/\/farmaciabiguacu.com.br\/blog\/wp-content\/uploads\/2018\/08\/Outubro-Rosa-na-FARM\u00c1CIA-BIGUA\u00c7U-4-204x300.jpg 204w, http:\/\/farmaciabiguacu.com.br\/blog\/wp-content\/uploads\/2018\/08\/Outubro-Rosa-na-FARM\u00c1CIA-BIGUA\u00c7U-4.jpg 653w\" sizes=\"auto, (max-width: 117px) 100vw, 117px\" \/>Aprendi a conviver comigo mesma novamente (parecia outra pessoa), principalmente com a perda dos cabelos: \u00e9 um choque! <\/span><b>Precisei ser muito forte para encarar tudo<\/b><span style=\"font-weight: 400;\">. A fase mais dif\u00edcil foi saber que eu precisava fazer uma cirurgia que, at\u00e9 ent\u00e3o era apenas parte do seio, mas quando aberto precisou ser totalmente retirado. <strong>Quando descobri o c\u00e2ncer eu n\u00e3o acreditei que aquilo estava acontecendo comigo! <\/strong><\/span><\/p>\n<p>&nbsp;<\/p>\n<p style=\"text-align: center;\"><span style=\"font-weight: 400;\">A minha vida e a da minha fam\u00edlia mudou completamente. <\/span><b>Hoje dou muito mais import\u00e2ncia para as coisas mais simples<\/b><span style=\"font-weight: 400;\">, vivendo um dia de cada vez. Sempre acreditei e nunca desanimei de correr atr\u00e1s da minha cura, pois minha maior vontade era viver. Esta minha vontade de viver sempre foi a minha maior motiva\u00e7\u00e3o. A fam\u00edlia que esteve ao meu lado nos piores dias de tratamento, sempre me apoiando e me fortalecendo, os amigos que nunca me abandonaram e os m\u00e9dicos sempre muito atenciosos.<\/span><\/p>\n<p>&nbsp;<\/p>\n<p style=\"text-align: center;\"><img loading=\"lazy\" decoding=\"async\" class=\"aligncenter size-medium wp-image-523\" src=\"http:\/\/farmaciabiguacu.com.br\/blog\/wp-content\/uploads\/2018\/08\/Outubro-Rosa-na-FARM\u00c1CIA-BIGUA\u00c7U-5-300x162.jpg\" alt=\"\" width=\"300\" height=\"162\" srcset=\"http:\/\/farmaciabiguacu.com.br\/blog\/wp-content\/uploads\/2018\/08\/Outubro-Rosa-na-FARM\u00c1CIA-BIGUA\u00c7U-5-300x162.jpg 300w, http:\/\/farmaciabiguacu.com.br\/blog\/wp-content\/uploads\/2018\/08\/Outubro-Rosa-na-FARM\u00c1CIA-BIGUA\u00c7U-5-768x414.jpg 768w, http:\/\/farmaciabiguacu.com.br\/blog\/wp-content\/uploads\/2018\/08\/Outubro-Rosa-na-FARM\u00c1CIA-BIGUA\u00c7U-5-1024x552.jpg 1024w, http:\/\/farmaciabiguacu.com.br\/blog\/wp-content\/uploads\/2018\/08\/Outubro-Rosa-na-FARM\u00c1CIA-BIGUA\u00c7U-5.jpg 1114w\" sizes=\"auto, (max-width: 300px) 100vw, 300px\" \/><\/p>\n<p>&nbsp;<\/p>\n<p style=\"text-align: center;\"><span style=\"font-weight: 400;\">Jamais desista de voc\u00ea e do tratamento. A f\u00e9 foi muito importante pois precisei de muita for\u00e7a e f\u00e9 para conseguir vencer a doen\u00e7a. A cura s\u00f3 \u00e9 poss\u00edvel se voc\u00ea acreditar em si mesmo: nunca desista de voc\u00ea.<\/span><\/p>\n<h3 style=\"text-align: center;\"><b><img loading=\"lazy\" decoding=\"async\" class=\" wp-image-524 alignright\" src=\"http:\/\/farmaciabiguacu.com.br\/blog\/wp-content\/uploads\/2018\/08\/Outubro-Rosa-na-FARM\u00c1CIA-BIGUA\u00c7U-2-300x300.jpg\" alt=\"\" width=\"210\" height=\"210\" srcset=\"http:\/\/farmaciabiguacu.com.br\/blog\/wp-content\/uploads\/2018\/08\/Outubro-Rosa-na-FARM\u00c1CIA-BIGUA\u00c7U-2-300x300.jpg 300w, http:\/\/farmaciabiguacu.com.br\/blog\/wp-content\/uploads\/2018\/08\/Outubro-Rosa-na-FARM\u00c1CIA-BIGUA\u00c7U-2-150x150.jpg 150w, http:\/\/farmaciabiguacu.com.br\/blog\/wp-content\/uploads\/2018\/08\/Outubro-Rosa-na-FARM\u00c1CIA-BIGUA\u00c7U-2.jpg 499w\" sizes=\"auto, (max-width: 210px) 100vw, 210px\" \/>Minha mensagem final \u00e9: Nunca desista de voc\u00ea! <\/b><span style=\"font-weight: 400;\">O c\u00e2ncer foi s\u00f3 mais um obst\u00e1culo e eu venci e me tornei uma mulher muito mais forte!\u201d<\/span><\/h3>\n","protected":false},"excerpt":{"rendered":"<p>&nbsp;&nbsp;&nbsp;&nbsp;O C\u00e2ncer de mama \u00e9 uma doen\u00e7a causada pela multiplica\u00e7\u00e3o de c\u00e9lulas anormais da mama, que formam um tumor. De acordo com dados do INCA (Instituto Nacional de C\u00e2ncer) este &hellip; <\/p>\n","protected":false},"author":1,"featured_media":0,"comment_status":"open","ping_status":"open","sticky":false,"template":"","format":"standard","meta":{"footnotes":""},"categories":[227,220,230,65,81],"tags":[166,167,135,62,58,84],"class_list":["post-519","post","type-post","status-publish","format-standard","hentry","category-bem-estar","category-farmacia-biguacu-convida","category-maes","category-mulher","category-saude","tag-cancer-de-mama","tag-familia","tag-forca","tag-mulher","tag-saude","tag-vida"],"_links":{"self":[{"href":"http:\/\/farmaciabiguacu.com.br\/blog\/wp-json\/wp\/v2\/posts\/519","targetHints":{"allow":["GET"]}}],"collection":[{"href":"http:\/\/farmaciabiguacu.com.br\/blog\/wp-json\/wp\/v2\/posts"}],"about":[{"href":"http:\/\/farmaciabiguacu.com.br\/blog\/wp-json\/wp\/v2\/types\/post"}],"author":[{"embeddable":true,"href":"http:\/\/farmaciabiguacu.com.br\/blog\/wp-json\/wp\/v2\/users\/1"}],"replies":[{"embeddable":true,"href":"http:\/\/farmaciabiguacu.com.br\/blog\/wp-json\/wp\/v2\/comments?post=519"}],"version-history":[{"count":6,"href":"http:\/\/farmaciabiguacu.com.br\/blog\/wp-json\/wp\/v2\/posts\/519\/revisions"}],"predecessor-version":[{"id":787,"href":"http:\/\/farmaciabiguacu.com.br\/blog\/wp-json\/wp\/v2\/posts\/519\/revisions\/787"}],"wp:attachment":[{"href":"http:\/\/farmaciabiguacu.com.br\/blog\/wp-json\/wp\/v2\/media?parent=519"}],"wp:term":[{"taxonomy":"category","embeddable":true,"href":"http:\/\/farmaciabiguacu.com.br\/blog\/wp-json\/wp\/v2\/categories?post=519"},{"taxonomy":"post_tag","embeddable":true,"href":"http:\/\/farmaciabiguacu.com.br\/blog\/wp-json\/wp\/v2\/tags?post=519"}],"curies":[{"name":"wp","href":"https:\/\/api.w.org\/{rel}","templated":true}]}}