{"id":1079,"date":"2021-10-14T16:58:55","date_gmt":"2021-10-14T19:58:55","guid":{"rendered":"http:\/\/farmaciabiguacu.com.br\/blog\/?p=1079"},"modified":"2025-12-17T14:58:29","modified_gmt":"2025-12-17T17:58:29","slug":"mais-do-que-vestir-rosa","status":"publish","type":"post","link":"http:\/\/farmaciabiguacu.com.br\/blog\/mais-do-que-vestir-rosa\/","title":{"rendered":"MAIS DO QUE VESTIR ROSA"},"content":{"rendered":"\n<h3 class=\"wp-block-heading\">Nunca achamos que ir\u00e1 acontecer conosco ou com algu\u00e9m pr\u00f3ximo, por\u00e9m torcer para que o c\u00e2ncer de mama n\u00e3o apare\u00e7a \u00e9 muito pouco, temos que fazer uso de todas as ferramentas poss\u00edveis para prevenir o c\u00e2ncer que mais atinge mulheres no Brasil!<\/h3>\n\n\n\n<p>O rosa e outubro j\u00e1 est\u00e3o conectados e hoje \u00e9 f\u00e1cil lembrar desta linda campanha de conscientiza\u00e7\u00e3o apenas olhando a nossa volta, fachadas de loja, uniformes, propagandas&#8230; Mas a pergunta mais importante \u00e9: Voc\u00ea sabe o que pode fazer para evit\u00e1-lo al\u00e9m do auto exame?<\/p>\n\n\n\n<div style=\"height:39px\" aria-hidden=\"true\" class=\"wp-block-spacer\"><\/div>\n\n\n\n<h4 class=\"wp-block-heading\">Al\u00e9m disto, o INCA (Instituto Nacional de C\u00e2ncer) aponta que &#8220;o controle do c\u00e2ncer de mama requer a\u00e7\u00f5es articuladas em todos os n\u00edveis de aten\u00e7\u00e3o&#8221; e elenca elas como:<\/h4>\n\n\n\n<ul class=\"wp-block-list\">\n<li>Promo\u00e7\u00e3o da Sa\u00fade<\/li>\n\n\n\n<li>Preven\u00e7\u00e3o<\/li>\n\n\n\n<li>Detec\u00e7\u00e3o Precoce<\/li>\n\n\n\n<li>Tratamento<\/li>\n\n\n\n<li>Cuidados Paliativos<\/li>\n<\/ul>\n\n\n\n<div style=\"height:39px\" aria-hidden=\"true\" class=\"wp-block-spacer\"><\/div>\n\n\n\n<p>Um pouco mais do que estamos acostumados a pensar sobre o tema, n\u00e3o \u00e9 mesmo?<\/p>\n\n\n\n<div style=\"height:39px\" aria-hidden=\"true\" class=\"wp-block-spacer\"><\/div>\n\n\n\n<p>Em rela\u00e7\u00e3o \u00e0 promo\u00e7\u00e3o da sa\u00fade, podemos enfatizar a<strong> manuten\u00e7\u00e3o do peso corporal e pr\u00e1tica regular de atividade f\u00edsica<\/strong>. Neste quesito, o planejamento e acompanhamento profissional \u00e9 muito importante para manter a longo prazo e aumentar a sua qualidade de vida!<\/p>\n\n\n\n<p>Por mais que haja muito pouco a ser feito em quest\u00f5es heredit\u00e1rias ou do ciclo reprodutivo da mulher, a preven\u00e7\u00e3o prim\u00e1ria desta doen\u00e7a est\u00e1 relacionada a h\u00e1bitos alimentares, consumo de \u00e1lcool, terapia de reposi\u00e7\u00e3o hormonal e, novamente, pr\u00e1tica regular de exerc\u00edcios f\u00edsicos e essas s\u00e3o vari\u00e1veis que podemos controlar!<\/p>\n\n\n\n<blockquote class=\"wp-block-quote has-small-font-size is-layout-flow wp-block-quote-is-layout-flow\">\n<p class=\"has-large-font-size\"><a href=\"https:\/\/www.inca.gov.br\/sites\/ufu.sti.inca.local\/files\/\/media\/document\/\/dieta_nutricao_atividade_fisica_e_cancer_resumo_do_terceiro_relatorio_de_especialistas_com_uma_perspectiva_brasileira.pdf\">Clique aqui!<\/a><\/p>\n<cite>para ver um estudo cient\u00edfico sobre a rela\u00e7\u00e3o entre a nutri\u00e7\u00e3o, atividade f\u00edsica e c\u00e2ncer!<br><\/cite><\/blockquote>\n\n\n\n<p>Na detec\u00e7\u00e3o precoce, a educa\u00e7\u00e3o sobre os sinais e sintomas suspeitos s\u00e3o essenciais para o diagn\u00f3stico precoce! Voc\u00ea sabe quais s\u00e3o eles?<\/p>\n\n\n\n<ul class=\"wp-block-list\">\n<li>Qualquer n\u00f3dulo mam\u00e1rio em mulheres com mais de 50 anos.<\/li>\n\n\n\n<li>N\u00f3dulo mam\u00e1rio em mulheres com mais de 30 anos, que persistem por mais de um ciclo menstrual.<\/li>\n\n\n\n<li>N\u00f3dulo mam\u00e1rio de consist\u00eancia endurecida e fixo ou que vem aumentando de tamanho, em mulheres adultas de qualquer idade.<\/li>\n\n\n\n<li>Descarga papilar sanguinolenta unilateral.<\/li>\n\n\n\n<li>Les\u00e3o eczematosa da pele que n\u00e3o responde a tratamentos t\u00f3picos.<\/li>\n\n\n\n<li>Homens com mais de 50 anos com tumora\u00e7\u00e3o palp\u00e1vel unilateral.<\/li>\n\n\n\n<li>Presen\u00e7a de linfadenopatia axilar.<\/li>\n\n\n\n<li>Aumento progressivo do tamanho da mama com a presen\u00e7a de sinais de edema, como pele com aspecto de casca de laranja.<\/li>\n\n\n\n<li>Retra\u00e7\u00e3o na pele da mama.<\/li>\n\n\n\n<li>Mudan\u00e7a no formato do mamilo.<\/li>\n<\/ul>\n\n\n\n<p><strong>\u00c9 importante salientar que quanto mais cedo a doen\u00e7a for detectada, maior o potencial de cura! <\/strong>A fase do tratamento pode ser dividida em duas modalidades: Tratamento local (cirurgia e radioterapia) e sist\u00eamico (quimioterapia, hormonioterapia e terapia biol\u00f3gica).<\/p>\n\n\n\n<p>Um assunto muito pouco tratado \u00e9 referente aos cuidados paliativos, que trata-se de um conjunto multidisciplinar para melhorar a qualidade de vida dos pacientes e seus familiares. <a href=\"https:\/\/www.inca.gov.br\/controle-do-cancer-de-mama\/acoes-de-controle\/cuidados-paliativos\">Voc\u00ea pode ler detalhadamente sobre este t\u00f3pico clicando aqui!<\/a><\/p>\n\n\n\n<div class=\"wp-block-columns is-layout-flex wp-container-core-columns-is-layout-28f84493 wp-block-columns-is-layout-flex\">\n<div class=\"wp-block-column is-layout-flow wp-block-column-is-layout-flow\" style=\"flex-basis:100%\">\n<blockquote class=\"wp-block-quote is-layout-flow wp-block-quote-is-layout-flow\">\n<h4 class=\"wp-block-heading\">E, por fim, vamos memorizar que cuidar da sa\u00fade \u00e9 um ato que deve ser feito todos os dias!<\/h4>\n<\/blockquote>\n<\/div>\n<\/div>\n\n\n\n<hr class=\"wp-block-separator has-alpha-channel-opacity\"\/>\n\n\n\n<pre class=\"wp-block-preformatted has-small-font-size\">Fonte: https:\/\/www.inca.gov.br\/<\/pre>\n","protected":false},"excerpt":{"rendered":"<p>Nunca achamos que ir\u00e1 acontecer conosco ou com algu\u00e9m pr\u00f3ximo, por\u00e9m torcer para que o c\u00e2ncer de mama n\u00e3o apare\u00e7a \u00e9 muito pouco, temos que fazer uso de todas as &hellip; <\/p>\n","protected":false},"author":1,"featured_media":1080,"comment_status":"open","ping_status":"open","sticky":true,"template":"","format":"standard","meta":{"footnotes":""},"categories":[33,21,65,81],"tags":[62,286,285,281,58,214],"class_list":["post-1079","post","type-post","status-publish","format-standard","has-post-thumbnail","hentry","category-cuidados-pessoais","category-dicas","category-mulher","category-saude","tag-mulher","tag-orientacao","tag-outubro-rosa","tag-prevencao","tag-saude","tag-saude-feminina"],"_links":{"self":[{"href":"http:\/\/farmaciabiguacu.com.br\/blog\/wp-json\/wp\/v2\/posts\/1079","targetHints":{"allow":["GET"]}}],"collection":[{"href":"http:\/\/farmaciabiguacu.com.br\/blog\/wp-json\/wp\/v2\/posts"}],"about":[{"href":"http:\/\/farmaciabiguacu.com.br\/blog\/wp-json\/wp\/v2\/types\/post"}],"author":[{"embeddable":true,"href":"http:\/\/farmaciabiguacu.com.br\/blog\/wp-json\/wp\/v2\/users\/1"}],"replies":[{"embeddable":true,"href":"http:\/\/farmaciabiguacu.com.br\/blog\/wp-json\/wp\/v2\/comments?post=1079"}],"version-history":[{"count":4,"href":"http:\/\/farmaciabiguacu.com.br\/blog\/wp-json\/wp\/v2\/posts\/1079\/revisions"}],"predecessor-version":[{"id":1742,"href":"http:\/\/farmaciabiguacu.com.br\/blog\/wp-json\/wp\/v2\/posts\/1079\/revisions\/1742"}],"wp:featuredmedia":[{"embeddable":true,"href":"http:\/\/farmaciabiguacu.com.br\/blog\/wp-json\/wp\/v2\/media\/1080"}],"wp:attachment":[{"href":"http:\/\/farmaciabiguacu.com.br\/blog\/wp-json\/wp\/v2\/media?parent=1079"}],"wp:term":[{"taxonomy":"category","embeddable":true,"href":"http:\/\/farmaciabiguacu.com.br\/blog\/wp-json\/wp\/v2\/categories?post=1079"},{"taxonomy":"post_tag","embeddable":true,"href":"http:\/\/farmaciabiguacu.com.br\/blog\/wp-json\/wp\/v2\/tags?post=1079"}],"curies":[{"name":"wp","href":"https:\/\/api.w.org\/{rel}","templated":true}]}}